{"id":554,"date":"2021-01-14T08:58:28","date_gmt":"2021-01-14T08:58:28","guid":{"rendered":"https:\/\/leyton.majjane.agency\/fr\/news\/leyton-poursuit-son-developpement-international-et-sinstalle-en-suede\/"},"modified":"2026-07-24T11:44:30","modified_gmt":"2026-07-24T09:44:30","slug":"leyton-poursuit-son-developpement-international-et-sinstalle-en-suede","status":"publish","type":"news","link":"https:\/\/staging-leyton.majjane.agency\/fr\/Nouveaut\u00e9s\/leyton-poursuit-son-developpement-international-et-sinstalle-en-suede\/","title":{"rendered":"Leyton poursuit son d\u00e9veloppement international et s&rsquo;installe en Su\u00e8de"},"content":{"rendered":"\n<p class=\"wp-block-paragraph\">Leyton poursuit son expansion \u00e0 l&rsquo;international et est fier d&rsquo;\u00e9tablir une nouvelle filiale \u00e0 Stockholm, en Su\u00e8de, qui devient le 12\u00e8me pays dans lequel Leyton op\u00e8re.<\/p>\n\n\n\n<p class=\"wp-block-paragraph\">Le d\u00e9veloppement international est au c\u0153ur de la strat\u00e9gie de Leyton ces derni\u00e8res ann\u00e9es et continue de l&rsquo;\u00eatre avec cette nouvelle ouverture.<\/p>\n\n\n\n<p class=\"has-text-align-center wp-block-paragraph\"><span style=\"text-decoration: underline\">Retrouvez la d\u00e9claration d&rsquo;Antoine Adam, ancien directeur du Sud Ouest de la France qui devient le Directeur g\u00e9n\u00e9ral de la Su\u00e8de:<\/span><\/p>\n\n\n\n<div style=\"height:23px\" aria-hidden=\"true\" class=\"wp-block-spacer\"><\/div>\n\n\n\n<blockquote class=\"wp-block-quote is-layout-flow wp-block-quote-is-layout-flow\">\n<p class=\"wp-block-paragraph\"><strong>La Su\u00e8de est l&rsquo;un des pays les plus innovants au monde. En tant que Leader Europ\u00e9en en mati\u00e8re d&rsquo;incitations fiscale en R&amp;D, nous avons toujours gard\u00e9 un \u0153il sur ce march\u00e9. La nouvelle disposition gouvernementale et les changements concernant l&rsquo;all\u00e9gement des cotisations de s\u00e9curit\u00e9 sociale pour la R&amp;D en juillet 2021 nous ont convaincus d&rsquo;ouvrir une nouvelle entit\u00e9 en Su\u00e8de afin de favoriser l&rsquo;acc\u00e8s \u00e0 ce nouveau dispositif. Notre expertise en mati\u00e8re de R&amp;D et notre connaissance \u00e0 propos du manuel de Frascati aidera sans aucun doute nos clients \u00e0 b\u00e9n\u00e9ficier pleinement de cette nouvelle disposition gouvernementale. Nous ouvrons nos bureaux dans le centre de Stockholm, le quartier de l&rsquo;innovation Su\u00e9doise, avec environ 10 employ\u00e9s hautement qualifi\u00e9s et passionn\u00e9s par la R&amp;D.<\/strong><\/p>\n<cite>Antoine Adam<\/cite><\/blockquote>\n","protected":false},"excerpt":{"rendered":"<p>Leyton poursuit son expansion \u00e0 l&rsquo;international et est fier d&rsquo;\u00e9tablir une nouvelle filiale \u00e0 Stockholm, en Su\u00e8de, qui devient le 12\u00e8me pays dans lequel Leyton op\u00e8re. Le d\u00e9veloppement international est au c\u0153ur de la strat\u00e9gie de Leyton ces derni\u00e8res ann\u00e9es et continue de l&rsquo;\u00eatre avec cette nouvelle ouverture. Retrouvez la d\u00e9claration d&rsquo;Antoine Adam, ancien directeur [&hellip;]<\/p>\n","protected":false},"author":1,"featured_media":555,"menu_order":0,"comment_status":"closed","ping_status":"closed","template":"","format":"standard","meta":{"_acf_changed":false,"footnotes":""},"categories":[1095],"tags":[],"expertise":[],"class_list":["post-554","news","type-news","status-publish","format-standard","has-post-thumbnail","hentry","category-international-fr"],"acf":[],"yoast_head":"<!-- This site is optimized with the Yoast SEO Premium plugin v28.1 (Yoast SEO v28.1) - https:\/\/yoast.com\/product\/yoast-seo-premium-wordpress\/ -->\n<title>Leyton poursuit son d\u00e9veloppement international et s&#039;installe en Su\u00e8de - Leyton France<\/title>\n<meta name=\"robots\" content=\"noindex, follow, max-snippet:-1, max-image-preview:large, max-video-preview:-1\" \/>\n<meta property=\"og:locale\" content=\"fr_FR\" \/>\n<meta property=\"og:type\" content=\"article\" \/>\n<meta property=\"og:title\" content=\"Leyton poursuit son d\u00e9veloppement international et s&#039;installe en Su\u00e8de\" \/>\n<meta property=\"og:description\" content=\"Leyton poursuit son expansion \u00e0 l&rsquo;international et est fier d&rsquo;\u00e9tablir une nouvelle filiale \u00e0 Stockholm, en Su\u00e8de, qui devient le 12\u00e8me pays dans lequel Leyton op\u00e8re. Le d\u00e9veloppement international est au c\u0153ur de la strat\u00e9gie de Leyton ces derni\u00e8res ann\u00e9es et continue de l&rsquo;\u00eatre avec cette nouvelle ouverture. Retrouvez la d\u00e9claration d&rsquo;Antoine Adam, ancien directeur [&hellip;]\" \/>\n<meta property=\"og:url\" content=\"https:\/\/staging-leyton.majjane.agency\/fr\/Nouveaut\u00e9s\/leyton-poursuit-son-developpement-international-et-sinstalle-en-suede\/\" \/>\n<meta property=\"og:site_name\" content=\"Leyton France\" \/>\n<meta property=\"article:modified_time\" content=\"2026-07-24T09:44:30+00:00\" \/>\n<meta property=\"og:image\" content=\"https:\/\/leyton.com\/wp-content\/blogs.dir\/2\/files\/2021\/01\/Leyton-Sweden-min-scaled.jpg\" \/>\n\t<meta property=\"og:image:width\" content=\"1920\" \/>\n\t<meta property=\"og:image:height\" content=\"1275\" \/>\n\t<meta property=\"og:image:type\" content=\"image\/jpeg\" \/>\n<meta name=\"twitter:card\" content=\"summary_large_image\" \/>\n<meta name=\"twitter:label1\" content=\"Dur\u00e9e de lecture estim\u00e9e\" \/>\n\t<meta name=\"twitter:data1\" content=\"1 minute\" \/>\n<script type=\"application\/ld+json\" class=\"yoast-schema-graph\">{\"@context\":\"https:\\\/\\\/schema.org\",\"@graph\":[{\"@type\":\"WebPage\",\"@id\":\"https:\\\/\\\/staging-leyton.majjane.agency\\\/fr\\\/Nouveaut\u00e9s\\\/leyton-poursuit-son-developpement-international-et-sinstalle-en-suede\\\/\",\"url\":\"https:\\\/\\\/staging-leyton.majjane.agency\\\/fr\\\/Nouveaut\u00e9s\\\/leyton-poursuit-son-developpement-international-et-sinstalle-en-suede\\\/\",\"name\":\"Leyton poursuit son d\u00e9veloppement international et s'installe en Su\u00e8de - Leyton France\",\"isPartOf\":{\"@id\":\"https:\\\/\\\/staging-leyton.majjane.agency\\\/fr\\\/#website\"},\"primaryImageOfPage\":{\"@id\":\"https:\\\/\\\/staging-leyton.majjane.agency\\\/fr\\\/Nouveaut\u00e9s\\\/leyton-poursuit-son-developpement-international-et-sinstalle-en-suede\\\/#primaryimage\"},\"image\":{\"@id\":\"https:\\\/\\\/staging-leyton.majjane.agency\\\/fr\\\/Nouveaut\u00e9s\\\/leyton-poursuit-son-developpement-international-et-sinstalle-en-suede\\\/#primaryimage\"},\"thumbnailUrl\":\"https:\\\/\\\/staging-leyton.majjane.agency\\\/wp-content\\\/blogs.dir\\\/2\\\/files\\\/2021\\\/01\\\/Leyton-Sweden-min-scaled.jpg\",\"datePublished\":\"2021-01-14T08:58:28+00:00\",\"dateModified\":\"2026-07-24T09:44:30+00:00\",\"breadcrumb\":{\"@id\":\"https:\\\/\\\/staging-leyton.majjane.agency\\\/fr\\\/Nouveaut\u00e9s\\\/leyton-poursuit-son-developpement-international-et-sinstalle-en-suede\\\/#breadcrumb\"},\"inLanguage\":\"fr-FR\",\"potentialAction\":[{\"@type\":\"ReadAction\",\"target\":[\"https:\\\/\\\/staging-leyton.majjane.agency\\\/fr\\\/Nouveaut\u00e9s\\\/leyton-poursuit-son-developpement-international-et-sinstalle-en-suede\\\/\"]}]},{\"@type\":\"ImageObject\",\"inLanguage\":\"fr-FR\",\"@id\":\"https:\\\/\\\/staging-leyton.majjane.agency\\\/fr\\\/Nouveaut\u00e9s\\\/leyton-poursuit-son-developpement-international-et-sinstalle-en-suede\\\/#primaryimage\",\"url\":\"https:\\\/\\\/staging-leyton.majjane.agency\\\/wp-content\\\/blogs.dir\\\/2\\\/files\\\/2021\\\/01\\\/Leyton-Sweden-min-scaled.jpg\",\"contentUrl\":\"https:\\\/\\\/staging-leyton.majjane.agency\\\/wp-content\\\/blogs.dir\\\/2\\\/files\\\/2021\\\/01\\\/Leyton-Sweden-min-scaled.jpg\",\"width\":1920,\"height\":1275},{\"@type\":\"BreadcrumbList\",\"@id\":\"https:\\\/\\\/staging-leyton.majjane.agency\\\/fr\\\/Nouveaut\u00e9s\\\/leyton-poursuit-son-developpement-international-et-sinstalle-en-suede\\\/#breadcrumb\",\"itemListElement\":[{\"@type\":\"ListItem\",\"position\":1,\"name\":\"Home\",\"item\":\"https:\\\/\\\/leyton.com\\\/fr\\\/\"},{\"@type\":\"ListItem\",\"position\":2,\"name\":\"Leyton poursuit son d\u00e9veloppement international et s&rsquo;installe en Su\u00e8de\"}]},{\"@type\":\"WebSite\",\"@id\":\"https:\\\/\\\/staging-leyton.majjane.agency\\\/fr\\\/#website\",\"url\":\"https:\\\/\\\/staging-leyton.majjane.agency\\\/fr\\\/\",\"name\":\"Leyton\",\"description\":\"\",\"publisher\":{\"@id\":\"https:\\\/\\\/staging-leyton.majjane.agency\\\/fr\\\/#organization\"},\"potentialAction\":[{\"@type\":\"SearchAction\",\"target\":{\"@type\":\"EntryPoint\",\"urlTemplate\":\"https:\\\/\\\/staging-leyton.majjane.agency\\\/fr\\\/?s={search_term_string}\"},\"query-input\":{\"@type\":\"PropertyValueSpecification\",\"valueRequired\":true,\"valueName\":\"search_term_string\"}}],\"inLanguage\":\"fr-FR\"},{\"@type\":\"Organization\",\"@id\":\"https:\\\/\\\/staging-leyton.majjane.agency\\\/fr\\\/#organization\",\"name\":\"Leyton\",\"url\":\"https:\\\/\\\/staging-leyton.majjane.agency\\\/fr\\\/\",\"logo\":{\"@type\":\"ImageObject\",\"inLanguage\":\"fr-FR\",\"@id\":\"https:\\\/\\\/staging-leyton.majjane.agency\\\/fr\\\/#\\\/schema\\\/logo\\\/image\\\/\",\"url\":\"https:\\\/\\\/staging-leyton.majjane.agency\\\/wp-content\\\/blogs.dir\\\/2\\\/files\\\/2026\\\/01\\\/logo.svg\",\"contentUrl\":\"https:\\\/\\\/staging-leyton.majjane.agency\\\/wp-content\\\/blogs.dir\\\/2\\\/files\\\/2026\\\/01\\\/logo.svg\",\"width\":108,\"height\":44,\"caption\":\"Leyton\"},\"image\":{\"@id\":\"https:\\\/\\\/staging-leyton.majjane.agency\\\/fr\\\/#\\\/schema\\\/logo\\\/image\\\/\"}}]}<\/script>\n<!-- \/ Yoast SEO Premium plugin. -->","yoast_head_json":{"title":"Leyton poursuit son d\u00e9veloppement international et s'installe en Su\u00e8de - Leyton France","robots":{"index":"noindex","follow":"follow","max-snippet":"max-snippet:-1","max-image-preview":"max-image-preview:large","max-video-preview":"max-video-preview:-1"},"og_locale":"fr_FR","og_type":"article","og_title":"Leyton poursuit son d\u00e9veloppement international et s'installe en Su\u00e8de","og_description":"Leyton poursuit son expansion \u00e0 l&rsquo;international et est fier d&rsquo;\u00e9tablir une nouvelle filiale \u00e0 Stockholm, en Su\u00e8de, qui devient le 12\u00e8me pays dans lequel Leyton op\u00e8re. Le d\u00e9veloppement international est au c\u0153ur de la strat\u00e9gie de Leyton ces derni\u00e8res ann\u00e9es et continue de l&rsquo;\u00eatre avec cette nouvelle ouverture. Retrouvez la d\u00e9claration d&rsquo;Antoine Adam, ancien directeur [&hellip;]","og_url":"https:\/\/staging-leyton.majjane.agency\/fr\/Nouveaut\u00e9s\/leyton-poursuit-son-developpement-international-et-sinstalle-en-suede\/","og_site_name":"Leyton France","article_modified_time":"2026-07-24T09:44:30+00:00","og_image":[{"width":1920,"height":1275,"url":"https:\/\/leyton.com\/wp-content\/blogs.dir\/2\/files\/2021\/01\/Leyton-Sweden-min-scaled.jpg","type":"image\/jpeg"}],"twitter_card":"summary_large_image","twitter_misc":{"Dur\u00e9e de lecture estim\u00e9e":"1 minute"},"schema":{"@context":"https:\/\/schema.org","@graph":[{"@type":"WebPage","@id":"https:\/\/staging-leyton.majjane.agency\/fr\/Nouveaut\u00e9s\/leyton-poursuit-son-developpement-international-et-sinstalle-en-suede\/","url":"https:\/\/staging-leyton.majjane.agency\/fr\/Nouveaut\u00e9s\/leyton-poursuit-son-developpement-international-et-sinstalle-en-suede\/","name":"Leyton poursuit son d\u00e9veloppement international et s'installe en Su\u00e8de - Leyton France","isPartOf":{"@id":"https:\/\/staging-leyton.majjane.agency\/fr\/#website"},"primaryImageOfPage":{"@id":"https:\/\/staging-leyton.majjane.agency\/fr\/Nouveaut\u00e9s\/leyton-poursuit-son-developpement-international-et-sinstalle-en-suede\/#primaryimage"},"image":{"@id":"https:\/\/staging-leyton.majjane.agency\/fr\/Nouveaut\u00e9s\/leyton-poursuit-son-developpement-international-et-sinstalle-en-suede\/#primaryimage"},"thumbnailUrl":"https:\/\/staging-leyton.majjane.agency\/wp-content\/blogs.dir\/2\/files\/2021\/01\/Leyton-Sweden-min-scaled.jpg","datePublished":"2021-01-14T08:58:28+00:00","dateModified":"2026-07-24T09:44:30+00:00","breadcrumb":{"@id":"https:\/\/staging-leyton.majjane.agency\/fr\/Nouveaut\u00e9s\/leyton-poursuit-son-developpement-international-et-sinstalle-en-suede\/#breadcrumb"},"inLanguage":"fr-FR","potentialAction":[{"@type":"ReadAction","target":["https:\/\/staging-leyton.majjane.agency\/fr\/Nouveaut\u00e9s\/leyton-poursuit-son-developpement-international-et-sinstalle-en-suede\/"]}]},{"@type":"ImageObject","inLanguage":"fr-FR","@id":"https:\/\/staging-leyton.majjane.agency\/fr\/Nouveaut\u00e9s\/leyton-poursuit-son-developpement-international-et-sinstalle-en-suede\/#primaryimage","url":"https:\/\/staging-leyton.majjane.agency\/wp-content\/blogs.dir\/2\/files\/2021\/01\/Leyton-Sweden-min-scaled.jpg","contentUrl":"https:\/\/staging-leyton.majjane.agency\/wp-content\/blogs.dir\/2\/files\/2021\/01\/Leyton-Sweden-min-scaled.jpg","width":1920,"height":1275},{"@type":"BreadcrumbList","@id":"https:\/\/staging-leyton.majjane.agency\/fr\/Nouveaut\u00e9s\/leyton-poursuit-son-developpement-international-et-sinstalle-en-suede\/#breadcrumb","itemListElement":[{"@type":"ListItem","position":1,"name":"Home","item":"https:\/\/leyton.com\/fr\/"},{"@type":"ListItem","position":2,"name":"Leyton poursuit son d\u00e9veloppement international et s&rsquo;installe en Su\u00e8de"}]},{"@type":"WebSite","@id":"https:\/\/staging-leyton.majjane.agency\/fr\/#website","url":"https:\/\/staging-leyton.majjane.agency\/fr\/","name":"Leyton","description":"","publisher":{"@id":"https:\/\/staging-leyton.majjane.agency\/fr\/#organization"},"potentialAction":[{"@type":"SearchAction","target":{"@type":"EntryPoint","urlTemplate":"https:\/\/staging-leyton.majjane.agency\/fr\/?s={search_term_string}"},"query-input":{"@type":"PropertyValueSpecification","valueRequired":true,"valueName":"search_term_string"}}],"inLanguage":"fr-FR"},{"@type":"Organization","@id":"https:\/\/staging-leyton.majjane.agency\/fr\/#organization","name":"Leyton","url":"https:\/\/staging-leyton.majjane.agency\/fr\/","logo":{"@type":"ImageObject","inLanguage":"fr-FR","@id":"https:\/\/staging-leyton.majjane.agency\/fr\/#\/schema\/logo\/image\/","url":"https:\/\/staging-leyton.majjane.agency\/wp-content\/blogs.dir\/2\/files\/2026\/01\/logo.svg","contentUrl":"https:\/\/staging-leyton.majjane.agency\/wp-content\/blogs.dir\/2\/files\/2026\/01\/logo.svg","width":108,"height":44,"caption":"Leyton"},"image":{"@id":"https:\/\/staging-leyton.majjane.agency\/fr\/#\/schema\/logo\/image\/"}}]}},"_links":{"self":[{"href":"https:\/\/staging-leyton.majjane.agency\/fr\/wp-json\/wp\/v2\/news\/554","targetHints":{"allow":["GET"]}}],"collection":[{"href":"https:\/\/staging-leyton.majjane.agency\/fr\/wp-json\/wp\/v2\/news"}],"about":[{"href":"https:\/\/staging-leyton.majjane.agency\/fr\/wp-json\/wp\/v2\/types\/news"}],"author":[{"embeddable":true,"href":"https:\/\/staging-leyton.majjane.agency\/fr\/wp-json\/wp\/v2\/users\/1"}],"replies":[{"embeddable":true,"href":"https:\/\/staging-leyton.majjane.agency\/fr\/wp-json\/wp\/v2\/comments?post=554"}],"version-history":[{"count":1,"href":"https:\/\/staging-leyton.majjane.agency\/fr\/wp-json\/wp\/v2\/news\/554\/revisions"}],"predecessor-version":[{"id":5435,"href":"https:\/\/staging-leyton.majjane.agency\/fr\/wp-json\/wp\/v2\/news\/554\/revisions\/5435"}],"wp:featuredmedia":[{"embeddable":true,"href":"https:\/\/staging-leyton.majjane.agency\/fr\/wp-json\/wp\/v2\/media\/555"}],"wp:attachment":[{"href":"https:\/\/staging-leyton.majjane.agency\/fr\/wp-json\/wp\/v2\/media?parent=554"}],"wp:term":[{"taxonomy":"category","embeddable":true,"href":"https:\/\/staging-leyton.majjane.agency\/fr\/wp-json\/wp\/v2\/categories?post=554"},{"taxonomy":"post_tag","embeddable":true,"href":"https:\/\/staging-leyton.majjane.agency\/fr\/wp-json\/wp\/v2\/tags?post=554"},{"taxonomy":"expertise","embeddable":true,"href":"https:\/\/staging-leyton.majjane.agency\/fr\/wp-json\/wp\/v2\/expertise?post=554"}],"curies":[{"name":"wp","href":"https:\/\/api.w.org\/{rel}","templated":true}]}}