{"id":911,"date":"2026-02-25T10:05:56","date_gmt":"2026-02-25T10:05:56","guid":{"rendered":"?p=911"},"modified":"2026-06-21T17:52:13","modified_gmt":"2026-06-21T17:52:13","slug":"leyton-connect-el-primer-encuentro-en-el-pais-vasco","status":"publish","type":"news","link":"https:\/\/staging-leyton.majjane.agency\/es\/news\/leyton-connect-el-primer-encuentro-en-el-pais-vasco\/","title":{"rendered":"Leyton Connect: El Primer Encuentro en el Pa\u00eds Vasco"},"content":{"rendered":"<div class=\"wp-block-columns\">\n<div class=\"wp-block-column\">\n<h2 class=\"wp-block-heading has-primary-color has-text-color has-link-color\">Un encuentro \u00fanico en Bilbao<\/h2>\n<div class=\"wp-block-columns\">\n<div class=\"wp-block-column\">\n<p>El 24 de febrero, Bilbao acogi\u00f3 con entusiasmo el primer <em>Leyton Connect<\/em> en el Pa\u00eds Vasco, un evento exclusivo que reuni\u00f3 a empresas y l\u00edderes del sector para explorar las soluciones de ahorro y optimizaci\u00f3n que ofrece Leyton. Celebrado en las modernas oficinas de Leyton en la Torre Iberdrola, el evento ofreci\u00f3 un escenario \u00fanico con vistas espectaculares de la ciudad, lo que proporcion\u00f3 un ambiente ideal para la interacci\u00f3n y el networking.<\/p>\n<\/div>\n<\/div>\n<div class=\"wp-block-columns\">\n<div class=\"wp-block-column\">\n<div style=\"height:20px\" aria-hidden=\"true\" class=\"wp-block-spacer\"><\/div>\n<\/div>\n<\/div>\n<div class=\"wp-block-columns\">\n<div class=\"wp-block-column\">\n<h2 class=\"wp-block-heading has-primary-color has-text-color has-link-color\">Bienvenida con vistas y presentaci\u00f3n de Leyton<\/h2>\n<\/div>\n<\/div>\n<div class=\"wp-block-columns\">\n<div class=\"wp-block-column\">\n<p>La jornada comenz\u00f3 con un caf\u00e9 de bienvenida, donde los asistentes pudieron disfrutar de un panorama impresionante de Bilbao antes de adentrarse en una agenda cargada de contenido relevante. Tras este momento de recepci\u00f3n, se present\u00f3 la visi\u00f3n de Leyton como grupo, con una exposici\u00f3n detallada de su presencia en Espa\u00f1a y las tres filiales que conforman su estructura. Durante la presentaci\u00f3n, se destac\u00f3 la propuesta de valor de Leyton: el ahorro a trav\u00e9s de la I+D+i, la eficiencia energ\u00e9tica y las soluciones de financiaci\u00f3n mediante inversores, \u00e1reas clave en las que la empresa lidera la innovaci\u00f3n y la optimizaci\u00f3n de recursos.<\/p>\n<\/div>\n<\/div>\n<div class=\"wp-block-columns\">\n<div class=\"wp-block-column\">\n<div style=\"height:20px\" aria-hidden=\"true\" class=\"wp-block-spacer\"><\/div>\n<\/div>\n<\/div>\n<div class=\"wp-block-columns\">\n<div class=\"wp-block-column\">\n<figure class=\"wp-block-gallery has-nested-images columns-default is-cropped\">\n<figure class=\"wp-block-image size-large\"><img decoding=\"async\" src=\"https:\/\/staging-leyton.majjane.agency\/es\/wp-content\/blogs.dir\/11\/files\/2026\/02\/IMG_8654-1024x768.jpeg\" alt=\"\" class=\"wp-image-17757\" \/><\/figure>\n<figure class=\"wp-block-image size-large\"><img decoding=\"async\" src=\"https:\/\/staging-leyton.majjane.agency\/es\/wp-content\/blogs.dir\/11\/files\/2026\/02\/IMG_8662-1024x768.jpeg\" alt=\"\" class=\"wp-image-17756\" \/><\/figure>\n<figure class=\"wp-block-image size-large\"><img decoding=\"async\" src=\"https:\/\/staging-leyton.majjane.agency\/es\/wp-content\/blogs.dir\/11\/files\/2026\/02\/IMG_8669-1024x768.jpeg\" alt=\"\" class=\"wp-image-17760\" \/><\/figure>\n<\/figure>\n<\/div>\n<\/div>\n<div class=\"wp-block-columns\">\n<div class=\"wp-block-column\">\n<div style=\"height:20px\" aria-hidden=\"true\" class=\"wp-block-spacer\"><\/div>\n<\/div>\n<\/div>\n<div class=\"wp-block-columns\">\n<div class=\"wp-block-column\">\n<h2 class=\"wp-block-heading has-primary-color has-text-color has-link-color\">Conociendo Leyton de cerca<\/h2>\n<\/div>\n<\/div>\n<div class=\"wp-block-columns\">\n<div class=\"wp-block-column\">\n<p>Los asistentes tuvieron la oportunidad de conocer las oficinas de Leyton, un espacio de trabajo moderno y colaborativo que refleja el enfoque innovador de la empresa. Adem\u00e1s, pudieron interactuar con los responsables de los distintos proyectos y conocer de primera mano los equipos detr\u00e1s de las soluciones que optimizan su rendimiento en el d\u00eda a d\u00eda.<\/p>\n<div class=\"wp-block-columns\">\n<div class=\"wp-block-column\">\n<div style=\"height:20px\" aria-hidden=\"true\" class=\"wp-block-spacer\"><\/div>\n<\/div>\n<\/div>\n<div class=\"wp-block-columns\">\n<div class=\"wp-block-column\">\n<figure class=\"wp-block-gallery has-nested-images columns-default is-cropped\">\n<figure class=\"wp-block-image size-large\"><img decoding=\"async\" src=\"https:\/\/staging-leyton.majjane.agency\/es\/wp-content\/blogs.dir\/11\/files\/2026\/02\/IMG_8693-1024x768.jpeg\" alt=\"\" class=\"wp-image-17761\" \/><\/figure>\n<figure class=\"wp-block-image size-large\"><img decoding=\"async\" src=\"https:\/\/staging-leyton.majjane.agency\/es\/wp-content\/blogs.dir\/11\/files\/2026\/02\/IMG_8730-1024x768.jpeg\" alt=\"\" class=\"wp-image-17762\" \/><\/figure>\n<figure class=\"wp-block-image size-large\"><img decoding=\"async\" src=\"https:\/\/staging-leyton.majjane.agency\/es\/wp-content\/blogs.dir\/11\/files\/2026\/02\/IMG_8749-1024x768.jpeg\" alt=\"\" class=\"wp-image-17763\" \/><\/figure>\n<\/figure>\n<\/div>\n<\/div>\n<div class=\"wp-block-columns\">\n<div class=\"wp-block-column\">\n<div style=\"height:20px\" aria-hidden=\"true\" class=\"wp-block-spacer\"><\/div>\n<\/div>\n<\/div>\n<div class=\"wp-block-columns\">\n<div class=\"wp-block-column\">\n<h2 class=\"wp-block-heading has-primary-color has-text-color has-link-color\">Generando conexiones y oportunidades de colaboraci\u00f3n<\/h2>\n<\/div>\n<\/div>\n<div class=\"wp-block-columns\">\n<div class=\"wp-block-column\">\n<p>Leyton Connect en Bilbao no solo permiti\u00f3 ampliar el conocimiento sobre los servicios que la compa\u00f1\u00eda ofrece, sino que tambi\u00e9n brind\u00f3 un espacio para generar relaciones profesionales, compartir experiencias y descubrir nuevas oportunidades de colaboraci\u00f3n. Este evento marca un hito en el Pa\u00eds Vasco, y reafirma el compromiso de Leyton con el desarrollo de sinergias empresariales y la creaci\u00f3n de valor a trav\u00e9s de la innovaci\u00f3n y la optimizaci\u00f3n.<\/p>\n<\/div>\n<\/div>\n<div class=\"wp-block-columns\">\n<div class=\"wp-block-column\">\n<div style=\"height:20px\" aria-hidden=\"true\" class=\"wp-block-spacer\"><\/div>\n<\/div>\n<\/div>\n<div class=\"wp-block-columns\">\n<div class=\"wp-block-column\">\n<figure class=\"wp-block-gallery has-nested-images columns-default is-cropped\">\n<figure class=\"wp-block-image size-large\"><img decoding=\"async\" src=\"https:\/\/staging-leyton.majjane.agency\/es\/wp-content\/blogs.dir\/11\/files\/2026\/02\/IMG_8842-1024x768.jpeg\" alt=\"\" class=\"wp-image-17764\" \/><\/figure>\n<figure class=\"wp-block-image size-large\"><img decoding=\"async\" src=\"https:\/\/staging-leyton.majjane.agency\/es\/wp-content\/blogs.dir\/11\/files\/2026\/02\/IMG_8851-1024x768.jpeg\" alt=\"\" class=\"wp-image-17766\" \/><\/figure>\n<figure class=\"wp-block-image size-large\"><img decoding=\"async\" src=\"https:\/\/staging-leyton.majjane.agency\/es\/wp-content\/blogs.dir\/11\/files\/2026\/02\/IMG_8863-1024x768.jpeg\" alt=\"\" class=\"wp-image-17765\" \/><\/figure>\n<\/figure>\n<\/div>\n<\/div>\n<div class=\"wp-block-columns\">\n<div class=\"wp-block-column\">\n<div style=\"height:20px\" aria-hidden=\"true\" class=\"wp-block-spacer\"><\/div>\n<\/div>\n<\/div>\n<div class=\"wp-block-columns\">\n<div class=\"wp-block-column\">\n<h2 class=\"wp-block-heading has-primary-color has-text-color has-link-color\">Un hito para Leyton en el Pa\u00eds Vasco<\/h2>\n<\/div>\n<\/div>\n<div class=\"wp-block-columns\">\n<div class=\"wp-block-column\">\n<p>Con este primer encuentro en Bilbao, Leyton refuerza su liderazgo en la regi\u00f3n, demostrando una vez m\u00e1s su capacidad para conectar, innovar y generar impacto en el mundo empresarial.<\/p>\n<p>\u00a1Nos vemos en los pr\u00f3ximos Leyton Connect!<\/p>\n<\/div>\n<\/div>\n<\/div>\n<\/div>\n<\/div>\n<\/div>\n","protected":false},"excerpt":{"rendered":"<p>Un encuentro \u00fanico en Bilbao El 24 de febrero, Bilbao acogi\u00f3 con entusiasmo el primer Leyton Connect en el Pa\u00eds Vasco, un evento exclusivo que reuni\u00f3 a empresas y l\u00edderes del sector para explorar las soluciones de ahorro y optimizaci\u00f3n que ofrece Leyton. Celebrado en las modernas oficinas de Leyton en la Torre Iberdrola, el [&hellip;]<\/p>\n","protected":false},"author":54,"featured_media":912,"menu_order":0,"comment_status":"closed","ping_status":"closed","template":"","format":"standard","meta":{"_acf_changed":false,"footnotes":""},"categories":[26],"tags":[],"expertise":[],"class_list":["post-911","news","type-news","status-publish","format-standard","has-post-thumbnail","hentry","category-industria"],"acf":[],"yoast_head":"<!-- This site is optimized with the Yoast SEO Premium plugin v28.1 (Yoast SEO v28.1) - https:\/\/yoast.com\/product\/yoast-seo-premium-wordpress\/ -->\n<title>Leyton Connect Bilbao: El primer encuentro en Pa\u00eds Vasco | Leyton Espa\u00f1a<\/title>\n<meta name=\"description\" content=\"Bilbao acogi\u00f3 con entusiasmo el primer Leyton Connect en el Pa\u00eds Vasco, un evento exclusivo que reuni\u00f3 a empresas y l\u00edderes del sector\" \/>\n<meta name=\"robots\" content=\"noindex, follow, max-snippet:-1, max-image-preview:large, max-video-preview:-1\" \/>\n<meta property=\"og:locale\" content=\"en_US\" \/>\n<meta property=\"og:type\" content=\"article\" \/>\n<meta property=\"og:title\" content=\"Leyton Connect: El Primer Encuentro en el Pa\u00eds Vasco\" \/>\n<meta property=\"og:description\" content=\"Bilbao acogi\u00f3 con entusiasmo el primer Leyton Connect en el Pa\u00eds Vasco, un evento exclusivo que reuni\u00f3 a empresas y l\u00edderes del sector\" \/>\n<meta property=\"og:url\" content=\"https:\/\/staging-leyton.majjane.agency\/es\/news\/leyton-connect-el-primer-encuentro-en-el-pais-vasco\/\" \/>\n<meta property=\"og:site_name\" content=\"Leyton Spain\" \/>\n<meta property=\"article:modified_time\" content=\"2026-06-21T17:52:13+00:00\" \/>\n<meta property=\"og:image\" content=\"https:\/\/leyton.com\/wp-content\/blogs.dir\/11\/files\/2026\/02\/42208336-9d6d-41fe-a031-bb8d6959a3a0.jpeg\" \/>\n\t<meta property=\"og:image:width\" content=\"1\" \/>\n\t<meta property=\"og:image:height\" content=\"1\" \/>\n\t<meta property=\"og:image:type\" content=\"image\/jpeg\" \/>\n<meta name=\"twitter:card\" content=\"summary_large_image\" \/>\n<meta name=\"twitter:label1\" content=\"Est. reading time\" \/>\n\t<meta name=\"twitter:data1\" content=\"2 minutes\" \/>\n<script type=\"application\/ld+json\" class=\"yoast-schema-graph\">{\"@context\":\"https:\\\/\\\/schema.org\",\"@graph\":[{\"@type\":\"WebPage\",\"@id\":\"https:\\\/\\\/staging-leyton.majjane.agency\\\/es\\\/news\\\/leyton-connect-el-primer-encuentro-en-el-pais-vasco\\\/\",\"url\":\"https:\\\/\\\/staging-leyton.majjane.agency\\\/es\\\/news\\\/leyton-connect-el-primer-encuentro-en-el-pais-vasco\\\/\",\"name\":\"Leyton Connect Bilbao: El primer encuentro en Pa\u00eds Vasco | Leyton Espa\u00f1a\",\"isPartOf\":{\"@id\":\"https:\\\/\\\/staging-leyton.majjane.agency\\\/es\\\/#website\"},\"primaryImageOfPage\":{\"@id\":\"https:\\\/\\\/staging-leyton.majjane.agency\\\/es\\\/news\\\/leyton-connect-el-primer-encuentro-en-el-pais-vasco\\\/#primaryimage\"},\"image\":{\"@id\":\"https:\\\/\\\/staging-leyton.majjane.agency\\\/es\\\/news\\\/leyton-connect-el-primer-encuentro-en-el-pais-vasco\\\/#primaryimage\"},\"thumbnailUrl\":\"https:\\\/\\\/staging-leyton.majjane.agency\\\/wp-content\\\/blogs.dir\\\/11\\\/files\\\/2026\\\/02\\\/42208336-9d6d-41fe-a031-bb8d6959a3a0.jpeg\",\"datePublished\":\"2026-02-25T10:05:56+00:00\",\"dateModified\":\"2026-06-21T17:52:13+00:00\",\"description\":\"Bilbao acogi\u00f3 con entusiasmo el primer Leyton Connect en el Pa\u00eds Vasco, un evento exclusivo que reuni\u00f3 a empresas y l\u00edderes del sector\",\"breadcrumb\":{\"@id\":\"https:\\\/\\\/staging-leyton.majjane.agency\\\/es\\\/news\\\/leyton-connect-el-primer-encuentro-en-el-pais-vasco\\\/#breadcrumb\"},\"inLanguage\":\"en-US\",\"potentialAction\":[{\"@type\":\"ReadAction\",\"target\":[\"https:\\\/\\\/staging-leyton.majjane.agency\\\/es\\\/news\\\/leyton-connect-el-primer-encuentro-en-el-pais-vasco\\\/\"]}]},{\"@type\":\"ImageObject\",\"inLanguage\":\"en-US\",\"@id\":\"https:\\\/\\\/staging-leyton.majjane.agency\\\/es\\\/news\\\/leyton-connect-el-primer-encuentro-en-el-pais-vasco\\\/#primaryimage\",\"url\":\"https:\\\/\\\/staging-leyton.majjane.agency\\\/wp-content\\\/blogs.dir\\\/11\\\/files\\\/2026\\\/02\\\/42208336-9d6d-41fe-a031-bb8d6959a3a0.jpeg\",\"contentUrl\":\"https:\\\/\\\/staging-leyton.majjane.agency\\\/wp-content\\\/blogs.dir\\\/11\\\/files\\\/2026\\\/02\\\/42208336-9d6d-41fe-a031-bb8d6959a3a0.jpeg\",\"width\":1920,\"height\":1440},{\"@type\":\"BreadcrumbList\",\"@id\":\"https:\\\/\\\/staging-leyton.majjane.agency\\\/es\\\/news\\\/leyton-connect-el-primer-encuentro-en-el-pais-vasco\\\/#breadcrumb\",\"itemListElement\":[{\"@type\":\"ListItem\",\"position\":1,\"name\":\"Home\",\"item\":\"https:\\\/\\\/leyton.com\\\/es\\\/\"},{\"@type\":\"ListItem\",\"position\":2,\"name\":\"Leyton Connect: El Primer Encuentro en el Pa\u00eds Vasco\"}]},{\"@type\":\"WebSite\",\"@id\":\"https:\\\/\\\/staging-leyton.majjane.agency\\\/es\\\/#website\",\"url\":\"https:\\\/\\\/staging-leyton.majjane.agency\\\/es\\\/\",\"name\":\"Leyton\",\"description\":\"\",\"publisher\":{\"@id\":\"https:\\\/\\\/staging-leyton.majjane.agency\\\/es\\\/#organization\"},\"potentialAction\":[{\"@type\":\"SearchAction\",\"target\":{\"@type\":\"EntryPoint\",\"urlTemplate\":\"https:\\\/\\\/staging-leyton.majjane.agency\\\/es\\\/?s={search_term_string}\"},\"query-input\":{\"@type\":\"PropertyValueSpecification\",\"valueRequired\":true,\"valueName\":\"search_term_string\"}}],\"inLanguage\":\"en-US\"},{\"@type\":\"Organization\",\"@id\":\"https:\\\/\\\/staging-leyton.majjane.agency\\\/es\\\/#organization\",\"name\":\"Leyton\",\"url\":\"https:\\\/\\\/staging-leyton.majjane.agency\\\/es\\\/\",\"logo\":{\"@type\":\"ImageObject\",\"inLanguage\":\"en-US\",\"@id\":\"https:\\\/\\\/staging-leyton.majjane.agency\\\/es\\\/#\\\/schema\\\/logo\\\/image\\\/\",\"url\":\"https:\\\/\\\/staging-leyton.majjane.agency\\\/wp-content\\\/blogs.dir\\\/11\\\/files\\\/2026\\\/01\\\/logo.svg\",\"contentUrl\":\"https:\\\/\\\/staging-leyton.majjane.agency\\\/wp-content\\\/blogs.dir\\\/11\\\/files\\\/2026\\\/01\\\/logo.svg\",\"width\":108,\"height\":44,\"caption\":\"Leyton\"},\"image\":{\"@id\":\"https:\\\/\\\/staging-leyton.majjane.agency\\\/es\\\/#\\\/schema\\\/logo\\\/image\\\/\"}}]}<\/script>\n<!-- \/ Yoast SEO Premium plugin. -->","yoast_head_json":{"title":"Leyton Connect Bilbao: El primer encuentro en Pa\u00eds Vasco | Leyton Espa\u00f1a","description":"Bilbao acogi\u00f3 con entusiasmo el primer Leyton Connect en el Pa\u00eds Vasco, un evento exclusivo que reuni\u00f3 a empresas y l\u00edderes del sector","robots":{"index":"noindex","follow":"follow","max-snippet":"max-snippet:-1","max-image-preview":"max-image-preview:large","max-video-preview":"max-video-preview:-1"},"og_locale":"en_US","og_type":"article","og_title":"Leyton Connect: El Primer Encuentro en el Pa\u00eds Vasco","og_description":"Bilbao acogi\u00f3 con entusiasmo el primer Leyton Connect en el Pa\u00eds Vasco, un evento exclusivo que reuni\u00f3 a empresas y l\u00edderes del sector","og_url":"https:\/\/staging-leyton.majjane.agency\/es\/news\/leyton-connect-el-primer-encuentro-en-el-pais-vasco\/","og_site_name":"Leyton Spain","article_modified_time":"2026-06-21T17:52:13+00:00","og_image":[{"url":"https:\/\/leyton.com\/wp-content\/blogs.dir\/11\/files\/2026\/02\/42208336-9d6d-41fe-a031-bb8d6959a3a0.jpeg","width":1,"height":1,"type":"image\/jpeg"}],"twitter_card":"summary_large_image","twitter_misc":{"Est. reading time":"2 minutes"},"schema":{"@context":"https:\/\/schema.org","@graph":[{"@type":"WebPage","@id":"https:\/\/staging-leyton.majjane.agency\/es\/news\/leyton-connect-el-primer-encuentro-en-el-pais-vasco\/","url":"https:\/\/staging-leyton.majjane.agency\/es\/news\/leyton-connect-el-primer-encuentro-en-el-pais-vasco\/","name":"Leyton Connect Bilbao: El primer encuentro en Pa\u00eds Vasco | Leyton Espa\u00f1a","isPartOf":{"@id":"https:\/\/staging-leyton.majjane.agency\/es\/#website"},"primaryImageOfPage":{"@id":"https:\/\/staging-leyton.majjane.agency\/es\/news\/leyton-connect-el-primer-encuentro-en-el-pais-vasco\/#primaryimage"},"image":{"@id":"https:\/\/staging-leyton.majjane.agency\/es\/news\/leyton-connect-el-primer-encuentro-en-el-pais-vasco\/#primaryimage"},"thumbnailUrl":"https:\/\/staging-leyton.majjane.agency\/wp-content\/blogs.dir\/11\/files\/2026\/02\/42208336-9d6d-41fe-a031-bb8d6959a3a0.jpeg","datePublished":"2026-02-25T10:05:56+00:00","dateModified":"2026-06-21T17:52:13+00:00","description":"Bilbao acogi\u00f3 con entusiasmo el primer Leyton Connect en el Pa\u00eds Vasco, un evento exclusivo que reuni\u00f3 a empresas y l\u00edderes del sector","breadcrumb":{"@id":"https:\/\/staging-leyton.majjane.agency\/es\/news\/leyton-connect-el-primer-encuentro-en-el-pais-vasco\/#breadcrumb"},"inLanguage":"en-US","potentialAction":[{"@type":"ReadAction","target":["https:\/\/staging-leyton.majjane.agency\/es\/news\/leyton-connect-el-primer-encuentro-en-el-pais-vasco\/"]}]},{"@type":"ImageObject","inLanguage":"en-US","@id":"https:\/\/staging-leyton.majjane.agency\/es\/news\/leyton-connect-el-primer-encuentro-en-el-pais-vasco\/#primaryimage","url":"https:\/\/staging-leyton.majjane.agency\/wp-content\/blogs.dir\/11\/files\/2026\/02\/42208336-9d6d-41fe-a031-bb8d6959a3a0.jpeg","contentUrl":"https:\/\/staging-leyton.majjane.agency\/wp-content\/blogs.dir\/11\/files\/2026\/02\/42208336-9d6d-41fe-a031-bb8d6959a3a0.jpeg","width":1920,"height":1440},{"@type":"BreadcrumbList","@id":"https:\/\/staging-leyton.majjane.agency\/es\/news\/leyton-connect-el-primer-encuentro-en-el-pais-vasco\/#breadcrumb","itemListElement":[{"@type":"ListItem","position":1,"name":"Home","item":"https:\/\/leyton.com\/es\/"},{"@type":"ListItem","position":2,"name":"Leyton Connect: El Primer Encuentro en el Pa\u00eds Vasco"}]},{"@type":"WebSite","@id":"https:\/\/staging-leyton.majjane.agency\/es\/#website","url":"https:\/\/staging-leyton.majjane.agency\/es\/","name":"Leyton","description":"","publisher":{"@id":"https:\/\/staging-leyton.majjane.agency\/es\/#organization"},"potentialAction":[{"@type":"SearchAction","target":{"@type":"EntryPoint","urlTemplate":"https:\/\/staging-leyton.majjane.agency\/es\/?s={search_term_string}"},"query-input":{"@type":"PropertyValueSpecification","valueRequired":true,"valueName":"search_term_string"}}],"inLanguage":"en-US"},{"@type":"Organization","@id":"https:\/\/staging-leyton.majjane.agency\/es\/#organization","name":"Leyton","url":"https:\/\/staging-leyton.majjane.agency\/es\/","logo":{"@type":"ImageObject","inLanguage":"en-US","@id":"https:\/\/staging-leyton.majjane.agency\/es\/#\/schema\/logo\/image\/","url":"https:\/\/staging-leyton.majjane.agency\/wp-content\/blogs.dir\/11\/files\/2026\/01\/logo.svg","contentUrl":"https:\/\/staging-leyton.majjane.agency\/wp-content\/blogs.dir\/11\/files\/2026\/01\/logo.svg","width":108,"height":44,"caption":"Leyton"},"image":{"@id":"https:\/\/staging-leyton.majjane.agency\/es\/#\/schema\/logo\/image\/"}}]}},"_links":{"self":[{"href":"https:\/\/staging-leyton.majjane.agency\/es\/wp-json\/wp\/v2\/news\/911","targetHints":{"allow":["GET"]}}],"collection":[{"href":"https:\/\/staging-leyton.majjane.agency\/es\/wp-json\/wp\/v2\/news"}],"about":[{"href":"https:\/\/staging-leyton.majjane.agency\/es\/wp-json\/wp\/v2\/types\/news"}],"author":[{"embeddable":true,"href":"https:\/\/staging-leyton.majjane.agency\/es\/wp-json\/wp\/v2\/users\/54"}],"replies":[{"embeddable":true,"href":"https:\/\/staging-leyton.majjane.agency\/es\/wp-json\/wp\/v2\/comments?post=911"}],"version-history":[{"count":0,"href":"https:\/\/staging-leyton.majjane.agency\/es\/wp-json\/wp\/v2\/news\/911\/revisions"}],"wp:featuredmedia":[{"embeddable":true,"href":"https:\/\/staging-leyton.majjane.agency\/es\/wp-json\/wp\/v2\/media\/912"}],"wp:attachment":[{"href":"https:\/\/staging-leyton.majjane.agency\/es\/wp-json\/wp\/v2\/media?parent=911"}],"wp:term":[{"taxonomy":"category","embeddable":true,"href":"https:\/\/staging-leyton.majjane.agency\/es\/wp-json\/wp\/v2\/categories?post=911"},{"taxonomy":"post_tag","embeddable":true,"href":"https:\/\/staging-leyton.majjane.agency\/es\/wp-json\/wp\/v2\/tags?post=911"},{"taxonomy":"expertise","embeddable":true,"href":"https:\/\/staging-leyton.majjane.agency\/es\/wp-json\/wp\/v2\/expertise?post=911"}],"curies":[{"name":"wp","href":"https:\/\/api.w.org\/{rel}","templated":true}]}}