{"id":3648,"date":"2026-06-05T11:20:00","date_gmt":"2026-06-05T09:20:00","guid":{"rendered":"https:\/\/leyton.majjane.agency\/es\/?post_type=news&#038;p=3648"},"modified":"2026-07-22T15:28:30","modified_gmt":"2026-07-22T13:28:30","slug":"leyton-connect-oca-global-invertir-en-la-idi-catalana","status":"publish","type":"news","link":"https:\/\/staging-leyton.majjane.agency\/es\/news\/leyton-connect-oca-global-invertir-en-la-idi-catalana\/","title":{"rendered":"Leyton\u00a0Connect\u00a0&amp; OCA Global:\u00a0Invertir en la I+D+i\u00a0Catalana"},"content":{"rendered":"\n<p class=\"wp-block-paragraph\"><strong>Sant Cugat del Vall\u00e9s, 3 de junio de 2026&nbsp;\u2013<\/strong>&nbsp;&nbsp;El&nbsp;pasado martes 2 de junio, Sant Cugat del Vall\u00e9s acogi\u00f3 una&nbsp;jornada&nbsp;co-organizada&nbsp;como&nbsp;<strong>Leyton&nbsp;Connect&nbsp;por <a href=\"https:\/\/ocaglobal.es\/es?utm_term=oca%20global&amp;utm_campaign=&amp;utm_source=adwords&amp;utm_medium=ppc&amp;hsa_acc=8632531633&amp;hsa_cam=21137677114&amp;hsa_grp=158682545485&amp;hsa_ad=694764775359&amp;hsa_src=g&amp;hsa_tgt=kwd-2261852955085&amp;hsa_kw=oca%20global&amp;hsa_mt=b&amp;hsa_net=adwords&amp;hsa_ver=3&amp;gad_source=1&amp;gad_campaignid=21137677114&amp;gbraid=0AAAAAC6xQjy3NvjPwX2pJsodS3UV0yui6&amp;gclid=Cj0KCQjw54nRBhDCARIsAMcY_SALTHVA02Gm4PYS-NZZIc69BPWyKlBPJHUxEJvcEs6hWBqXb2ePUigaAvpXEALw_wcB\">OCA Global<\/a><\/strong>, bajo el t\u00edtulo<em>&nbsp;Impulsando la innovaci\u00f3n: la coordinaci\u00f3n de actores clave como motor del ecosistema catal\u00e1n<\/em>&#8220;, y&nbsp;con la participaci\u00f3n del&nbsp;<a href=\"https:\/\/www.ciencia.gob.es\/\"><strong>Ministerio de Ciencia, Innovaci\u00f3n y Universidades<\/strong>&nbsp;<\/a>y la empresa&nbsp;<strong><a href=\"https:\/\/www.topdoctorsgroup.com\/\">Top&nbsp;Doctors&nbsp;Group<\/a><\/strong>,&nbsp;que reuni\u00f3 a empresas, profesionales y agentes clave del ecosistema innovador catal\u00e1n.&nbsp;<\/p>\n\n\n\n<p class=\"wp-block-paragraph\">Este encuentro nace de una convicci\u00f3n compartida:&nbsp;impulsar la innovaci\u00f3n, la competitividad y hacer crecer el tejido&nbsp;econ\u00f3mico&nbsp;nacional. Esto&nbsp;<strong>no depende de un \u00fanico actor<\/strong>, sino de la coordinaci\u00f3n entre&nbsp;<strong>consultora, certificadora y administraci\u00f3n<\/strong>, donde cada uno&nbsp;forma&nbsp;una pieza imprescindible del proceso, y&nbsp;que&nbsp;encajen es lo que marca la diferencia entre un proyecto que se queda en la idea y un proyecto que llega a financiarse y certificarse con \u00e9xito.&nbsp;<\/p>\n\n\n\n<div class=\"wp-block-columns is-layout-flex wp-container-core-columns-is-layout-7387b849 wp-block-columns-is-layout-flex\">\n<div class=\"wp-block-column is-layout-flow wp-block-column-is-layout-flow\">\n<div style=\"height:10px\" aria-hidden=\"true\" class=\"wp-block-spacer\"><\/div>\n\n\n\n<div class=\"wp-block-columns is-layout-flex wp-container-core-columns-is-layout-7387b849 wp-block-columns-is-layout-flex\">\n<div class=\"wp-block-column is-layout-flow wp-block-column-is-layout-flow\">\n<h2 class=\"wp-block-heading has-primary-color has-text-color has-link-color wp-elements-3d8d31d28b8d118d6479e7e462c06978\">Tres miradas complementarias sobre un mismo proceso&nbsp;<\/h2>\n\n\n\n<div class=\"wp-block-columns is-layout-flex wp-container-core-columns-is-layout-7387b849 wp-block-columns-is-layout-flex\">\n<div class=\"wp-block-column is-layout-flow wp-block-column-is-layout-flow\">\n<p class=\"wp-block-paragraph\">La jornada se estructur\u00f3 en torno a las tres voces que mejor representan ese ecosistema de cooperaci\u00f3n. Por parte de Leyton,&nbsp;<strong>Marta Mart\u00ednez Toncho<\/strong>,&nbsp;Technical&nbsp;Consulting&nbsp;Director, abri\u00f3 las ponencias compartiendo la visi\u00f3n de la consultor\u00eda especializada en I+D+i: c\u00f3mo se identifican los proyectos elegibles, c\u00f3mo se estructura t\u00e9cnicamente el expediente y qu\u00e9 papel juega la consultora a la hora de maximizar las deducciones, bonificaciones,&nbsp;cashback, ayudas o el acceso al Sello Pyme Innovadora.<\/p>\n\n\n\n<div class=\"wp-block-columns is-layout-flex wp-container-core-columns-is-layout-7387b849 wp-block-columns-is-layout-flex\">\n<div class=\"wp-block-column is-layout-flow wp-block-column-is-layout-flow\">\n<figure class=\"wp-block-gallery has-nested-images columns-default is-cropped wp-block-gallery-1 is-layout-flex wp-block-gallery-is-layout-flex\">\n<figure class=\"wp-block-image size-large\"><img decoding=\"async\" data-id=\"18223\" src=\"https:\/\/staging-leyton.majjane.agency\/es\/wp-content\/uploads\/sites\/12\/2026\/06\/Leyton_4-1024x576.jpg\" alt=\"\" class=\"wp-image-18223\"\/><\/figure>\n\n\n\n<figure class=\"wp-block-image size-large\"><img decoding=\"async\" data-id=\"18225\" src=\"https:\/\/staging-leyton.majjane.agency\/es\/wp-content\/uploads\/sites\/12\/2026\/06\/Leyton_5-1024x576.jpg\" alt=\"\" class=\"wp-image-18225\"\/><\/figure>\n\n\n\n<figure class=\"wp-block-image size-large\"><img decoding=\"async\" data-id=\"18224\" src=\"https:\/\/staging-leyton.majjane.agency\/es\/wp-content\/uploads\/sites\/12\/2026\/06\/Leyton_14-1024x576.jpg\" alt=\"\" class=\"wp-image-18224\"\/><\/figure>\n<\/figure>\n<\/div>\n<\/div>\n\n\n\n<div class=\"wp-block-columns is-layout-flex wp-container-core-columns-is-layout-7387b849 wp-block-columns-is-layout-flex\">\n<div class=\"wp-block-column is-layout-flow wp-block-column-is-layout-flow\">\n<p class=\"wp-block-paragraph\">A continuaci\u00f3n,<strong>&nbsp;Andrea Lagunas,<\/strong>&nbsp;Responsable&nbsp;de Producci\u00f3n I+D+i en OCA Global, present\u00f3 la perspectiva de la certificaci\u00f3n, una pieza clave para dotar de seguridad jur\u00eddica al proceso.&nbsp;&nbsp;Y desde el lado de la Administraci\u00f3n,&nbsp;<strong>Jos\u00e9 Mar\u00eda Pel\u00e1ez<\/strong>, de la Subdirecci\u00f3n General de Fomento de la Innovaci\u00f3n Empresarial, explic\u00f3 el papel del Ministerio en el&nbsp;sistema, su&nbsp;visi\u00f3n&nbsp;hol\u00edstica,&nbsp;as\u00ed como&nbsp;las \u00faltimas novedades que afectan directamente a las empresas que est\u00e1n desarrollando proyectos innovadores.<\/p>\n\n\n\n<div class=\"wp-block-columns is-layout-flex wp-container-core-columns-is-layout-7387b849 wp-block-columns-is-layout-flex\">\n<div class=\"wp-block-column is-layout-flow wp-block-column-is-layout-flow\">\n<div style=\"height:10px\" aria-hidden=\"true\" class=\"wp-block-spacer\"><\/div>\n\n\n\n<div class=\"wp-block-columns is-layout-flex wp-container-core-columns-is-layout-7387b849 wp-block-columns-is-layout-flex\">\n<div class=\"wp-block-column is-layout-flow wp-block-column-is-layout-flow\">\n<h2 class=\"wp-block-heading has-primary-color has-text-color has-link-color wp-elements-96ec5ae86f26d19f270baf0d7f02edd1\">La mesa redonda: cuando todos los actores se encuentran&nbsp;<\/h2>\n\n\n\n<div class=\"wp-block-columns is-layout-flex wp-container-core-columns-is-layout-7387b849 wp-block-columns-is-layout-flex\">\n<div class=\"wp-block-column is-layout-flow wp-block-column-is-layout-flow\">\n<p class=\"wp-block-paragraph\">El momento central de la jornada lleg\u00f3 con la mesa redonda, en la que se sentaron a debatir representantes de Leyton,&nbsp;OCA Global,&nbsp;el Ministerio&nbsp;y&nbsp;<strong>Jordi Cusid\u00f3<\/strong>, Chief&nbsp;Innovation&nbsp;Officer de Top&nbsp;Doctors&nbsp;Group, el cual&nbsp;aport\u00f3&nbsp;su experiencia&nbsp;conforme a estas ventajas fiscales. Su participaci\u00f3n fue clave para enriquecer el debate desde el otro lado de la mesa: el de la empresa que vive en primera persona el proceso de innovar, certificar y financiar sus proyectos.&nbsp;Esa combinaci\u00f3n de perspectivas (consultora, certificadora, administraci\u00f3n y empresa) permiti\u00f3 a los asistentes ver, en directo, c\u00f3mo dialogan entre s\u00ed los actores que normalmente las organizaciones viven de forma fragmentada.<\/p>\n\n\n\n<p class=\"wp-block-paragraph\">Durante el debate se abordaron los&nbsp;<strong>patrones y errores m\u00e1s recurrentes<\/strong>&nbsp;que cometen las empresas al enfrentarse por primera vez a los incentivos fiscales a la I+D+i, as\u00ed como las recomendaciones pr\u00e1cticas para aquellas compa\u00f1\u00edas que a\u00fan no han dado el primer paso.&nbsp;Lo&nbsp;m\u00e1s&nbsp;destacable sin duda fue el punto en&nbsp;com\u00fan&nbsp;de todas las partes en la que afirman que&nbsp;la correcta utilizaci\u00f3n de estos incentivos est\u00e1&nbsp;pasando de ser&nbsp;una oportunidad,&nbsp;a convertirse&nbsp;en una verdadera&nbsp;<strong>necesidad competitiva<\/strong>&nbsp;en un contexto de presi\u00f3n sobre m\u00e1rgenes e inversi\u00f3n.<\/p>\n\n\n\n<div class=\"wp-block-columns is-layout-flex wp-container-core-columns-is-layout-7387b849 wp-block-columns-is-layout-flex\">\n<div class=\"wp-block-column is-layout-flow wp-block-column-is-layout-flow\">\n<figure class=\"wp-block-gallery has-nested-images columns-default is-cropped wp-block-gallery-2 is-layout-flex wp-block-gallery-is-layout-flex\">\n<figure class=\"wp-block-image size-large\"><img decoding=\"async\" data-id=\"18228\" src=\"https:\/\/staging-leyton.majjane.agency\/es\/wp-content\/uploads\/sites\/12\/2026\/06\/Image-56.jpg\" alt=\"\" class=\"wp-image-18228\"\/><\/figure>\n\n\n\n<figure class=\"wp-block-image size-large\"><img decoding=\"async\" data-id=\"18226\" src=\"https:\/\/staging-leyton.majjane.agency\/es\/wp-content\/uploads\/sites\/12\/2026\/06\/Image-58.jpg\" alt=\"\" class=\"wp-image-18226\"\/><\/figure>\n\n\n\n<figure class=\"wp-block-image size-large\"><img decoding=\"async\" data-id=\"18227\" src=\"https:\/\/staging-leyton.majjane.agency\/es\/wp-content\/uploads\/sites\/12\/2026\/06\/Image-59.jpg\" alt=\"\" class=\"wp-image-18227\"\/><\/figure>\n<\/figure>\n\n\n\n<div class=\"wp-block-columns is-layout-flex wp-container-core-columns-is-layout-7387b849 wp-block-columns-is-layout-flex\">\n<div class=\"wp-block-column is-layout-flow wp-block-column-is-layout-flow\">\n<p class=\"wp-block-paragraph\">Finalmente, los ponentes repasaron las&nbsp;<strong>mejoras recientes<\/strong>&nbsp;que han hecho m\u00e1s accesibles deducciones y bonificaciones, sin perder de vista el&nbsp;<strong>reto pendiente de la percepci\u00f3n<\/strong>: muchas pymes siguen viendo estos instrumentos como complejos o pensados solo para grandes compa\u00f1\u00edas.<\/p>\n\n\n\n<div class=\"wp-block-columns is-layout-flex wp-container-core-columns-is-layout-7387b849 wp-block-columns-is-layout-flex\">\n<div class=\"wp-block-column is-layout-flow wp-block-column-is-layout-flow\">\n<div style=\"height:10px\" aria-hidden=\"true\" class=\"wp-block-spacer\"><\/div>\n\n\n\n<div class=\"wp-block-columns is-layout-flex wp-container-core-columns-is-layout-7387b849 wp-block-columns-is-layout-flex\">\n<div class=\"wp-block-column is-layout-flow wp-block-column-is-layout-flow\">\n<h2 class=\"wp-block-heading has-primary-color has-text-color has-link-color wp-elements-bbdd2faf2db18290192551b33458afc5\">Un Encuentro que Reafirma el Compromiso con la Innovaci\u00f3n<\/h2>\n\n\n\n<div class=\"wp-block-columns is-layout-flex wp-container-core-columns-is-layout-7387b849 wp-block-columns-is-layout-flex\">\n<div class=\"wp-block-column is-layout-flow wp-block-column-is-layout-flow\">\n<p class=\"wp-block-paragraph\">M\u00e1s all\u00e1 del contenido t\u00e9cnico,&nbsp;la jornada&nbsp;fue una buena oportunidad para fortalecer las relaciones con socios, clientes actuales y nuevas empresas del ecosistema catal\u00e1n. Tras la mesa redonda, el caf\u00e9 de&nbsp;networking&nbsp;se convirti\u00f3 en el espacio donde se produjeron muchas de las conversaciones m\u00e1s valiosas de la ma\u00f1ana: dudas concretas sobre proyectos en curso, oportunidades de colaboraci\u00f3n entre asistentes y nuevas conexiones que ya est\u00e1n dando lugar a pr\u00f3ximas conversaciones.<\/p>\n\n\n\n<div class=\"wp-block-columns is-layout-flex wp-container-core-columns-is-layout-7387b849 wp-block-columns-is-layout-flex\">\n<div class=\"wp-block-column is-layout-flow wp-block-column-is-layout-flow\">\n<figure class=\"wp-block-gallery has-nested-images columns-default is-cropped wp-block-gallery-3 is-layout-flex wp-block-gallery-is-layout-flex\">\n<figure class=\"wp-block-image size-large\"><img decoding=\"async\" data-id=\"18232\" src=\"https:\/\/staging-leyton.majjane.agency\/es\/wp-content\/uploads\/sites\/12\/2026\/06\/Image-56-1.jpg\" alt=\"\" class=\"wp-image-18232\"\/><\/figure>\n\n\n\n<figure class=\"wp-block-image size-large\"><img decoding=\"async\" data-id=\"18234\" src=\"https:\/\/staging-leyton.majjane.agency\/es\/wp-content\/uploads\/sites\/12\/2026\/06\/Leyton_20-1-1024x576.jpg\" alt=\"\" class=\"wp-image-18234\"\/><\/figure>\n\n\n\n<figure class=\"wp-block-image size-large\"><img decoding=\"async\" data-id=\"18233\" src=\"https:\/\/staging-leyton.majjane.agency\/es\/wp-content\/uploads\/sites\/12\/2026\/06\/Leyton_32-1-1024x576.jpg\" alt=\"\" class=\"wp-image-18233\"\/><\/figure>\n<\/figure>\n\n\n\n<div class=\"wp-block-columns is-layout-flex wp-container-core-columns-is-layout-7387b849 wp-block-columns-is-layout-flex\">\n<div class=\"wp-block-column is-layout-flow wp-block-column-is-layout-flow\">\n<div style=\"height:10px\" aria-hidden=\"true\" class=\"wp-block-spacer\"><\/div>\n\n\n\n<div class=\"wp-block-columns is-layout-flex wp-container-core-columns-is-layout-7387b849 wp-block-columns-is-layout-flex\">\n<div class=\"wp-block-column is-layout-flow wp-block-column-is-layout-flow\">\n<h2 class=\"wp-block-heading has-primary-color has-text-color has-link-color wp-elements-74f34e351025f1fd4e5d6220dfe1f71f\">Gracias a OCA Global, al Ministerio y a Top Doctors Group por hacerlo posible<\/h2>\n\n\n\n<div class=\"wp-block-columns is-layout-flex wp-container-core-columns-is-layout-7387b849 wp-block-columns-is-layout-flex\">\n<div class=\"wp-block-column is-layout-flow wp-block-column-is-layout-flow\">\n<p class=\"wp-block-paragraph\">Desde Leyton, queremos expresar nuestro m\u00e1s sincero agradecimiento a OCA Global por su acogida, por la cesi\u00f3n del auditorio y por la complicidad para sacar adelante este evento&nbsp;co-organizado&nbsp;especialmente&nbsp;a&nbsp;Gema&nbsp;Sanchiz,&nbsp;Directora&nbsp;de I+D&nbsp;de OCA Global, y a Andre Lagunas, por su implicaci\u00f3n.&nbsp;Al Ministerio de Ciencia, Innovaci\u00f3n y Universidades y a Jos\u00e9 Mar\u00eda Pel\u00e1ez por sumarse a esta iniciativa y aportar la visi\u00f3n institucional que da contexto y respaldo a todo el proceso&nbsp;y por supuesto a&nbsp;Jordi Cusid\u00f3 y&nbsp;a&nbsp;Top&nbsp;Doctors&nbsp;Group por compartir generosamente su experiencia y enriquecer el debate con la mirada de quien lo vive desde dentro.<\/p>\n\n\n\n<div class=\"wp-block-columns is-layout-flex wp-container-core-columns-is-layout-7387b849 wp-block-columns-is-layout-flex\">\n<div class=\"wp-block-column is-layout-flow wp-block-column-is-layout-flow\">\n<div style=\"height:10px\" aria-hidden=\"true\" class=\"wp-block-spacer\"><\/div>\n\n\n\n<div class=\"wp-block-columns is-layout-flex wp-container-core-columns-is-layout-7387b849 wp-block-columns-is-layout-flex\">\n<div class=\"wp-block-column is-layout-flow wp-block-column-is-layout-flow\">\n<h2 class=\"wp-block-heading has-primary-color has-text-color has-link-color wp-elements-026aa9b77477bbc6a010030b788f9aad\">Apostamos por el Futuro del Ecosistema Catal\u00e1n<\/h2>\n\n\n\n<div class=\"wp-block-columns is-layout-flex wp-container-core-columns-is-layout-7387b849 wp-block-columns-is-layout-flex\">\n<div class=\"wp-block-column is-layout-flow wp-block-column-is-layout-flow\">\n<p class=\"wp-block-paragraph\">Catalu\u00f1a concentra una parte muy relevante del tejido innovador espa\u00f1ol, con empresas de sectores tan diversos como el industrial, el biotecnol\u00f3gico, el tecnol\u00f3gico o el agroalimentario que est\u00e1n apostando fuerte por la I+D+i. Nuestro objetivo es siempre acercar a los proyectos innovadores todas las palancas de financiaci\u00f3n posibles, con el fin de fortalecer el tejido econ\u00f3mico y empresarial de la regi\u00f3n. Creemos que, con el apoyo adecuado y la coordinaci\u00f3n entre los actores correctos, es posible transformar ideas en proyectos rentables, certificados y financiados.&nbsp;<\/p>\n\n\n\n<p class=\"wp-block-paragraph\">Este evento es solo una parada m\u00e1s en el camino.&nbsp;<\/p>\n\n\n\n<p class=\"wp-block-paragraph\">\u00a1Nos vemos en el pr\u00f3ximo Leyton&nbsp;Connect!&nbsp;<\/p>\n<\/div>\n<\/div>\n<\/div>\n<\/div>\n<\/div>\n<\/div>\n<\/div>\n<\/div>\n<\/div>\n<\/div>\n<\/div>\n<\/div>\n<\/div>\n<\/div>\n<\/div>\n<\/div>\n<\/div>\n<\/div>\n<\/div>\n<\/div>\n<\/div>\n<\/div>\n<\/div>\n<\/div>\n<\/div>\n<\/div>\n<\/div>\n<\/div>\n<\/div>\n<\/div>\n<\/div>\n<\/div>\n<\/div>\n<\/div>\n<\/div>\n<\/div>\n<\/div>\n<\/div>\n","protected":false},"excerpt":{"rendered":"<p>Sant Cugat del Vall\u00e9s, 3 de junio de 2026&nbsp;\u2013&nbsp;&nbsp;El&nbsp;pasado martes 2 de junio, Sant Cugat del Vall\u00e9s acogi\u00f3 una&nbsp;jornada&nbsp;co-organizada&nbsp;como&nbsp;Leyton&nbsp;Connect&nbsp;por OCA Global, bajo el t\u00edtulo&nbsp;Impulsando la innovaci\u00f3n: la coordinaci\u00f3n de actores clave como motor del ecosistema catal\u00e1n&#8220;, y&nbsp;con la participaci\u00f3n del&nbsp;Ministerio de Ciencia, Innovaci\u00f3n y Universidades&nbsp;y la empresa&nbsp;Top&nbsp;Doctors&nbsp;Group,&nbsp;que reuni\u00f3 a empresas, profesionales y agentes clave del [&hellip;]<\/p>\n","protected":false},"author":76,"featured_media":3649,"menu_order":0,"comment_status":"open","ping_status":"open","template":"","format":"standard","meta":{"_acf_changed":false,"footnotes":""},"categories":[],"tags":[34,38,36,42,32,33],"expertise":[],"class_list":["post-3648","news","type-news","status-publish","format-standard","has-post-thumbnail","hentry","tag-ayudas","tag-bonificaciones","tag-deducciones","tag-idi","tag-innovacion","tag-tax-lease"],"acf":[],"yoast_head":"<!-- This site is optimized with the Yoast SEO Premium plugin v28.1 (Yoast SEO v28.1) - https:\/\/yoast.com\/product\/yoast-seo-premium-wordpress\/ -->\n<title>Leyton Connect &amp; OCA Global | Leyton Espa\u00f1a<\/title>\n<meta name=\"description\" content=\"El pasado 2 de junio, Sant Cugat del Vall\u00e9s acogi\u00f3 una jornada co-organizada por Leyton y OCA Global, para impulsar la innovaci\u00f3n.\" \/>\n<meta name=\"robots\" content=\"noindex, follow, max-snippet:-1, max-image-preview:large, max-video-preview:-1\" \/>\n<meta property=\"og:locale\" content=\"en_US\" \/>\n<meta property=\"og:type\" content=\"article\" \/>\n<meta property=\"og:title\" content=\"Leyton\u00a0Connect\u00a0&amp; OCA Global:\u00a0Invertir en la I+D+i\u00a0Catalana\" \/>\n<meta property=\"og:description\" content=\"El pasado 2 de junio, Sant Cugat del Vall\u00e9s acogi\u00f3 una jornada co-organizada por Leyton y OCA Global, para impulsar la innovaci\u00f3n.\" \/>\n<meta property=\"og:url\" content=\"https:\/\/staging-leyton.majjane.agency\/es\/news\/leyton-connect-oca-global-invertir-en-la-idi-catalana\/\" \/>\n<meta property=\"og:site_name\" content=\"Leyton Spain\" \/>\n<meta property=\"article:modified_time\" content=\"2026-07-22T13:28:30+00:00\" \/>\n<meta property=\"og:image\" content=\"https:\/\/leyton.com\/wp-content\/blogs.dir\/11\/files\/2026\/07\/Leyton_26.jpg\" \/>\n\t<meta property=\"og:image:width\" content=\"1920\" \/>\n\t<meta property=\"og:image:height\" content=\"1080\" \/>\n\t<meta property=\"og:image:type\" content=\"image\/jpeg\" \/>\n<meta name=\"twitter:card\" content=\"summary_large_image\" \/>\n<meta name=\"twitter:label1\" content=\"Est. reading time\" \/>\n\t<meta name=\"twitter:data1\" content=\"6 minutes\" \/>\n<script type=\"application\/ld+json\" class=\"yoast-schema-graph\">{\"@context\":\"https:\\\/\\\/schema.org\",\"@graph\":[{\"@type\":\"WebPage\",\"@id\":\"https:\\\/\\\/staging-leyton.majjane.agency\\\/es\\\/news\\\/leyton-connect-oca-global-invertir-en-la-idi-catalana\\\/\",\"url\":\"https:\\\/\\\/staging-leyton.majjane.agency\\\/es\\\/news\\\/leyton-connect-oca-global-invertir-en-la-idi-catalana\\\/\",\"name\":\"Leyton Connect & OCA Global | Leyton Espa\u00f1a\",\"isPartOf\":{\"@id\":\"https:\\\/\\\/staging-leyton.majjane.agency\\\/es\\\/#website\"},\"primaryImageOfPage\":{\"@id\":\"https:\\\/\\\/staging-leyton.majjane.agency\\\/es\\\/news\\\/leyton-connect-oca-global-invertir-en-la-idi-catalana\\\/#primaryimage\"},\"image\":{\"@id\":\"https:\\\/\\\/staging-leyton.majjane.agency\\\/es\\\/news\\\/leyton-connect-oca-global-invertir-en-la-idi-catalana\\\/#primaryimage\"},\"thumbnailUrl\":\"https:\\\/\\\/staging-leyton.majjane.agency\\\/wp-content\\\/blogs.dir\\\/11\\\/files\\\/2026\\\/07\\\/Leyton_26.jpg\",\"datePublished\":\"2026-06-05T09:20:00+00:00\",\"dateModified\":\"2026-07-22T13:28:30+00:00\",\"description\":\"El pasado 2 de junio, Sant Cugat del Vall\u00e9s acogi\u00f3 una jornada co-organizada por Leyton y OCA Global, para impulsar la innovaci\u00f3n.\",\"breadcrumb\":{\"@id\":\"https:\\\/\\\/staging-leyton.majjane.agency\\\/es\\\/news\\\/leyton-connect-oca-global-invertir-en-la-idi-catalana\\\/#breadcrumb\"},\"inLanguage\":\"en-US\",\"potentialAction\":[{\"@type\":\"ReadAction\",\"target\":[\"https:\\\/\\\/staging-leyton.majjane.agency\\\/es\\\/news\\\/leyton-connect-oca-global-invertir-en-la-idi-catalana\\\/\"]}]},{\"@type\":\"ImageObject\",\"inLanguage\":\"en-US\",\"@id\":\"https:\\\/\\\/staging-leyton.majjane.agency\\\/es\\\/news\\\/leyton-connect-oca-global-invertir-en-la-idi-catalana\\\/#primaryimage\",\"url\":\"https:\\\/\\\/staging-leyton.majjane.agency\\\/wp-content\\\/blogs.dir\\\/11\\\/files\\\/2026\\\/07\\\/Leyton_26.jpg\",\"contentUrl\":\"https:\\\/\\\/staging-leyton.majjane.agency\\\/wp-content\\\/blogs.dir\\\/11\\\/files\\\/2026\\\/07\\\/Leyton_26.jpg\",\"width\":1920,\"height\":1080,\"caption\":\"Leyton Connect OCA Global\"},{\"@type\":\"BreadcrumbList\",\"@id\":\"https:\\\/\\\/staging-leyton.majjane.agency\\\/es\\\/news\\\/leyton-connect-oca-global-invertir-en-la-idi-catalana\\\/#breadcrumb\",\"itemListElement\":[{\"@type\":\"ListItem\",\"position\":1,\"name\":\"Home\",\"item\":\"https:\\\/\\\/leyton.com\\\/es\\\/\"},{\"@type\":\"ListItem\",\"position\":2,\"name\":\"Leyton\u00a0Connect\u00a0&amp; OCA Global:\u00a0Invertir en la I+D+i\u00a0Catalana\"}]},{\"@type\":\"WebSite\",\"@id\":\"https:\\\/\\\/staging-leyton.majjane.agency\\\/es\\\/#website\",\"url\":\"https:\\\/\\\/staging-leyton.majjane.agency\\\/es\\\/\",\"name\":\"Leyton\",\"description\":\"\",\"publisher\":{\"@id\":\"https:\\\/\\\/staging-leyton.majjane.agency\\\/es\\\/#organization\"},\"potentialAction\":[{\"@type\":\"SearchAction\",\"target\":{\"@type\":\"EntryPoint\",\"urlTemplate\":\"https:\\\/\\\/staging-leyton.majjane.agency\\\/es\\\/?s={search_term_string}\"},\"query-input\":{\"@type\":\"PropertyValueSpecification\",\"valueRequired\":true,\"valueName\":\"search_term_string\"}}],\"inLanguage\":\"en-US\"},{\"@type\":\"Organization\",\"@id\":\"https:\\\/\\\/staging-leyton.majjane.agency\\\/es\\\/#organization\",\"name\":\"Leyton\",\"url\":\"https:\\\/\\\/staging-leyton.majjane.agency\\\/es\\\/\",\"logo\":{\"@type\":\"ImageObject\",\"inLanguage\":\"en-US\",\"@id\":\"https:\\\/\\\/staging-leyton.majjane.agency\\\/es\\\/#\\\/schema\\\/logo\\\/image\\\/\",\"url\":\"https:\\\/\\\/staging-leyton.majjane.agency\\\/wp-content\\\/blogs.dir\\\/11\\\/files\\\/2026\\\/01\\\/logo.svg\",\"contentUrl\":\"https:\\\/\\\/staging-leyton.majjane.agency\\\/wp-content\\\/blogs.dir\\\/11\\\/files\\\/2026\\\/01\\\/logo.svg\",\"width\":108,\"height\":44,\"caption\":\"Leyton\"},\"image\":{\"@id\":\"https:\\\/\\\/staging-leyton.majjane.agency\\\/es\\\/#\\\/schema\\\/logo\\\/image\\\/\"}}]}<\/script>\n<!-- \/ Yoast SEO Premium plugin. -->","yoast_head_json":{"title":"Leyton Connect & OCA Global | Leyton Espa\u00f1a","description":"El pasado 2 de junio, Sant Cugat del Vall\u00e9s acogi\u00f3 una jornada co-organizada por Leyton y OCA Global, para impulsar la innovaci\u00f3n.","robots":{"index":"noindex","follow":"follow","max-snippet":"max-snippet:-1","max-image-preview":"max-image-preview:large","max-video-preview":"max-video-preview:-1"},"og_locale":"en_US","og_type":"article","og_title":"Leyton\u00a0Connect\u00a0&amp; OCA Global:\u00a0Invertir en la I+D+i\u00a0Catalana","og_description":"El pasado 2 de junio, Sant Cugat del Vall\u00e9s acogi\u00f3 una jornada co-organizada por Leyton y OCA Global, para impulsar la innovaci\u00f3n.","og_url":"https:\/\/staging-leyton.majjane.agency\/es\/news\/leyton-connect-oca-global-invertir-en-la-idi-catalana\/","og_site_name":"Leyton Spain","article_modified_time":"2026-07-22T13:28:30+00:00","og_image":[{"width":1920,"height":1080,"url":"https:\/\/leyton.com\/wp-content\/blogs.dir\/11\/files\/2026\/07\/Leyton_26.jpg","type":"image\/jpeg"}],"twitter_card":"summary_large_image","twitter_misc":{"Est. reading time":"6 minutes"},"schema":{"@context":"https:\/\/schema.org","@graph":[{"@type":"WebPage","@id":"https:\/\/staging-leyton.majjane.agency\/es\/news\/leyton-connect-oca-global-invertir-en-la-idi-catalana\/","url":"https:\/\/staging-leyton.majjane.agency\/es\/news\/leyton-connect-oca-global-invertir-en-la-idi-catalana\/","name":"Leyton Connect & OCA Global | Leyton Espa\u00f1a","isPartOf":{"@id":"https:\/\/staging-leyton.majjane.agency\/es\/#website"},"primaryImageOfPage":{"@id":"https:\/\/staging-leyton.majjane.agency\/es\/news\/leyton-connect-oca-global-invertir-en-la-idi-catalana\/#primaryimage"},"image":{"@id":"https:\/\/staging-leyton.majjane.agency\/es\/news\/leyton-connect-oca-global-invertir-en-la-idi-catalana\/#primaryimage"},"thumbnailUrl":"https:\/\/staging-leyton.majjane.agency\/wp-content\/blogs.dir\/11\/files\/2026\/07\/Leyton_26.jpg","datePublished":"2026-06-05T09:20:00+00:00","dateModified":"2026-07-22T13:28:30+00:00","description":"El pasado 2 de junio, Sant Cugat del Vall\u00e9s acogi\u00f3 una jornada co-organizada por Leyton y OCA Global, para impulsar la innovaci\u00f3n.","breadcrumb":{"@id":"https:\/\/staging-leyton.majjane.agency\/es\/news\/leyton-connect-oca-global-invertir-en-la-idi-catalana\/#breadcrumb"},"inLanguage":"en-US","potentialAction":[{"@type":"ReadAction","target":["https:\/\/staging-leyton.majjane.agency\/es\/news\/leyton-connect-oca-global-invertir-en-la-idi-catalana\/"]}]},{"@type":"ImageObject","inLanguage":"en-US","@id":"https:\/\/staging-leyton.majjane.agency\/es\/news\/leyton-connect-oca-global-invertir-en-la-idi-catalana\/#primaryimage","url":"https:\/\/staging-leyton.majjane.agency\/wp-content\/blogs.dir\/11\/files\/2026\/07\/Leyton_26.jpg","contentUrl":"https:\/\/staging-leyton.majjane.agency\/wp-content\/blogs.dir\/11\/files\/2026\/07\/Leyton_26.jpg","width":1920,"height":1080,"caption":"Leyton Connect OCA Global"},{"@type":"BreadcrumbList","@id":"https:\/\/staging-leyton.majjane.agency\/es\/news\/leyton-connect-oca-global-invertir-en-la-idi-catalana\/#breadcrumb","itemListElement":[{"@type":"ListItem","position":1,"name":"Home","item":"https:\/\/leyton.com\/es\/"},{"@type":"ListItem","position":2,"name":"Leyton\u00a0Connect\u00a0&amp; OCA Global:\u00a0Invertir en la I+D+i\u00a0Catalana"}]},{"@type":"WebSite","@id":"https:\/\/staging-leyton.majjane.agency\/es\/#website","url":"https:\/\/staging-leyton.majjane.agency\/es\/","name":"Leyton","description":"","publisher":{"@id":"https:\/\/staging-leyton.majjane.agency\/es\/#organization"},"potentialAction":[{"@type":"SearchAction","target":{"@type":"EntryPoint","urlTemplate":"https:\/\/staging-leyton.majjane.agency\/es\/?s={search_term_string}"},"query-input":{"@type":"PropertyValueSpecification","valueRequired":true,"valueName":"search_term_string"}}],"inLanguage":"en-US"},{"@type":"Organization","@id":"https:\/\/staging-leyton.majjane.agency\/es\/#organization","name":"Leyton","url":"https:\/\/staging-leyton.majjane.agency\/es\/","logo":{"@type":"ImageObject","inLanguage":"en-US","@id":"https:\/\/staging-leyton.majjane.agency\/es\/#\/schema\/logo\/image\/","url":"https:\/\/staging-leyton.majjane.agency\/wp-content\/blogs.dir\/11\/files\/2026\/01\/logo.svg","contentUrl":"https:\/\/staging-leyton.majjane.agency\/wp-content\/blogs.dir\/11\/files\/2026\/01\/logo.svg","width":108,"height":44,"caption":"Leyton"},"image":{"@id":"https:\/\/staging-leyton.majjane.agency\/es\/#\/schema\/logo\/image\/"}}]}},"_links":{"self":[{"href":"https:\/\/staging-leyton.majjane.agency\/es\/wp-json\/wp\/v2\/news\/3648","targetHints":{"allow":["GET"]}}],"collection":[{"href":"https:\/\/staging-leyton.majjane.agency\/es\/wp-json\/wp\/v2\/news"}],"about":[{"href":"https:\/\/staging-leyton.majjane.agency\/es\/wp-json\/wp\/v2\/types\/news"}],"author":[{"embeddable":true,"href":"https:\/\/staging-leyton.majjane.agency\/es\/wp-json\/wp\/v2\/users\/76"}],"replies":[{"embeddable":true,"href":"https:\/\/staging-leyton.majjane.agency\/es\/wp-json\/wp\/v2\/comments?post=3648"}],"version-history":[{"count":1,"href":"https:\/\/staging-leyton.majjane.agency\/es\/wp-json\/wp\/v2\/news\/3648\/revisions"}],"predecessor-version":[{"id":3650,"href":"https:\/\/staging-leyton.majjane.agency\/es\/wp-json\/wp\/v2\/news\/3648\/revisions\/3650"}],"wp:featuredmedia":[{"embeddable":true,"href":"https:\/\/staging-leyton.majjane.agency\/es\/wp-json\/wp\/v2\/media\/3649"}],"wp:attachment":[{"href":"https:\/\/staging-leyton.majjane.agency\/es\/wp-json\/wp\/v2\/media?parent=3648"}],"wp:term":[{"taxonomy":"category","embeddable":true,"href":"https:\/\/staging-leyton.majjane.agency\/es\/wp-json\/wp\/v2\/categories?post=3648"},{"taxonomy":"post_tag","embeddable":true,"href":"https:\/\/staging-leyton.majjane.agency\/es\/wp-json\/wp\/v2\/tags?post=3648"},{"taxonomy":"expertise","embeddable":true,"href":"https:\/\/staging-leyton.majjane.agency\/es\/wp-json\/wp\/v2\/expertise?post=3648"}],"curies":[{"name":"wp","href":"https:\/\/api.w.org\/{rel}","templated":true}]}}